{"id":1790,"date":"2019-11-03T14:00:26","date_gmt":"2019-11-03T14:00:26","guid":{"rendered":"http:\/\/bloggniceforlag.se\/?p=1790"},"modified":"2019-11-03T14:00:27","modified_gmt":"2019-11-03T14:00:27","slug":"mysteriefabrikens-deckargata-for-barn-som-bok","status":"publish","type":"post","link":"https:\/\/bloggmysteriefabriken.se\/?p=1790","title":{"rendered":"Mysteriefabrikens deckarg\u00e5ta f\u00f6r barn som bok"},"content":{"rendered":"\n<p>\u00c4ntligen \u00e4r den h\u00e4r! Mysteriefabrikens f\u00f6rsta barnbok!<\/p>\n\n\n\n<figure class=\"wp-block-image\"><img loading=\"lazy\" decoding=\"async\" width=\"1024\" height=\"1024\" src=\"https:\/\/bloggmysteriefabriken.se\/wp-content\/uploads\/2019\/11\/5BCC645B-D419-4167-874F-A1F171CA8801-1024x1024.jpg\" alt=\"\" class=\"wp-image-1792\" srcset=\"https:\/\/bloggmysteriefabriken.se\/wp-content\/uploads\/2019\/11\/5BCC645B-D419-4167-874F-A1F171CA8801-1024x1024.jpg 1024w, https:\/\/bloggmysteriefabriken.se\/wp-content\/uploads\/2019\/11\/5BCC645B-D419-4167-874F-A1F171CA8801-300x300.jpg 300w, https:\/\/bloggmysteriefabriken.se\/wp-content\/uploads\/2019\/11\/5BCC645B-D419-4167-874F-A1F171CA8801-768x768.jpg 768w, https:\/\/bloggmysteriefabriken.se\/wp-content\/uploads\/2019\/11\/5BCC645B-D419-4167-874F-A1F171CA8801-624x624.jpg 624w\" sizes=\"auto, (max-width: 1024px) 100vw, 1024px\" \/><figcaption>Mysteriet med den f\u00f6rsvunna cykeln &#8211; en interaktiv barndeckare.<br><br><\/figcaption><\/figure>\n\n\n\n<p>Mysteriefabriken \u2013 f\u00f6r l\u00e4rande och lek<\/p>\n\n\n\n<p>I Mysteriefabrikens deckarg\u00e5tor g\u00e5r barn in i roller som detektiver och l\u00f6ser en klurig och sp\u00e4nnande deckarg\u00e5ta. Deckarg\u00e5torna utspelar sig runt klass 5A d\u00e4r Viggo och Vivan \u00e4r huvudpersoner. I Mysteriet med den f\u00f6rsvunna cykeln f\u00f6rsvinner pl\u00f6tsligt Viggos cykel fr\u00e5n skolg\u00e5rden. Med hj\u00e4lp av ledtr\u00e5dar ska detektiverna l\u00f6sa mysteriet. <\/p>\n\n\n\n<p><em><strong>Vilken av de sex misst\u00e4nkta bovarna \u00e4r skyldig?<\/strong><\/em><br><em><strong>Lyckas detektiverna l\u00f6sa g\u00e5tan? <\/strong><\/em><br>Deckarg\u00e5tan g\u00e5r att l\u00f6sa ensam eller i grupp.<\/p>\n\n\n\n<p>Mysteriet med den f\u00f6rsvunna cykeln \u00e4r den f\u00f6rsta av fem deckarg\u00e5tor fr\u00e5n Mysteriefabriken. <\/p>\n\n\n\n<p>Fler sp\u00e4nnande och kluriga deckarg\u00e5tor fr\u00e5n Mysteriefabriken kommer snart:<br>\u2022 Mysteriet med den f\u00f6rsvunna v\u00e4skan<br>\u2022 Mysteriet med den f\u00f6rsvunna tavlan<br>\u2022 Mysteriet med den f\u00f6rsvunna klasskassan<br>\u2022 Mysteriet med de f\u00f6rsvunna musikinstrumenten<br><\/p>\n\n\n\n<p>Deckarg\u00e5torna \u00e4r avsedda b\u00e5de som l\u00e4romedel och f\u00f6r privat bruk.<br><a href=\"https:\/\/www.mysteriefabriken.se\/sv\/\">De finns \u00e4ven \u00f6versatta till engelska (som pdf-filer) avsedda som l\u00e4romedel.<\/a><br><em>Boken finns att k\u00f6pa i n\u00e4tbokhandeln: <\/em><br><strong><a href=\"https:\/\/www.adlibris.com\/se\/bok\/mysteriet-med-den-forsvunna-cykeln-9789198254174\">Adlibris<\/a><\/strong><br><strong><a href=\"https:\/\/www.bokus.com\/bok\/9789198254174\/mysteriet-med-den-forsvunna-cykeln\/\">Bokus<\/a><\/strong><a href=\"https:\/\/cdon.se\/bocker\/mysteriet-med-den-forsvunna-cykeln-48627059\"><\/a><br><strong><a href=\"https:\/\/cdon.se\/bocker\/mysteriet-med-den-forsvunna-cykeln-48627059\">CDON<\/a><\/strong><br><strong><em>Med flera n\u00e4tbokhandlare&#8230;<br>Den finns \u00e4ven som e-bok i n\u00e4tbokhandeln samt att l\u00e5na som e-bok p\u00e5 alla bibliotek.<\/em><\/strong><\/p>\n\n\n\n<p><em><strong>V\u00e4lkommen in i Mysteriefabrikens kluriga v\u00e4rld!<\/strong><\/em><\/p>\n\n\n\n<div class=\"wp-block-image\"><figure class=\"alignleft\"><img loading=\"lazy\" decoding=\"async\" width=\"198\" height=\"298\" src=\"https:\/\/bloggmysteriefabriken.se\/wp-content\/uploads\/2018\/10\/20161914_56_15_MS_1920.jpg\" alt=\"\" class=\"wp-image-1758\"\/><figcaption>Nina Cernold<\/figcaption><\/figure><\/div>\n\n\n\n<p>Jag som ligger bakom Mysteriefabrikens koncept heter Nina Cernold. Jag \u00e4r 1-7 l\u00e4rare men driver nu mitt f\u00f6rlag p\u00e5 heltid.<br><em>Jag har alltid vurmat f\u00f6r leken som pedagogiskt verktyg och sett det som en framg\u00e5ngsfaktor. Jag hoppas nu att mitt koncept ska ge m\u00e5nga roliga och l\u00e4rorika stunder f\u00f6r barn &#8211; b\u00e5de i skolan och p\u00e5 fritiden.<\/em><br><br>Jag kommer g\u00e4rna till er och genomf\u00f6r en deckarg\u00e5ta i barngrupp. <a href=\"https:\/\/ff.forfattarcentrum.se\/forfattare\/4206\/Nina_Cernold\">V\u00e4lkommen att boka mig genom F\u00f6rfattarcentrum.<\/a><\/p>\n\n\n\n<p><br><\/p>\n\n\n\n<p><br><\/p>\n\n\n\n<p><br><\/p>\n\n\n\n<p><br><\/p>\n\n\n\n<p><br><\/p>\n\n\n\n<p><br><\/p>\n\n\n\n<p><br><\/p>\n\n\n\n<p><br><\/p>\n\n\n\n<p><br><\/p>\n\n\n\n<p><br><\/p>\n\n\n\n<p><br><\/p>\n\n\n\n<p><br><\/p>\n\n\n\n<p><br><\/p>\n\n\n\n<p><br><\/p>\n\n\n\n<p><br><\/p>\n","protected":false},"excerpt":{"rendered":"<p>I Mysteriefabrikens deckarg\u00e5tor g\u00e5r barn in i roller som detektiver och l\u00f6ser en klurig och sp\u00e4nnande deckarg\u00e5ta. Deckarg\u00e5torna utspelar sig runt klass 5A d\u00e4r Viggo och Vivan \u00e4r huvudpersoner. I Mysteriet med den f\u00f6rsvunna cykeln f\u00f6rsvinner pl\u00f6tsligt Viggos cykel fr\u00e5n skolg\u00e5rden. Med hj\u00e4lp av ledtr\u00e5dar ska detektiverna l\u00f6sa mysteriet.<\/p>\n","protected":false},"author":1,"featured_media":0,"comment_status":"open","ping_status":"open","sticky":false,"template":"","format":"standard","meta":{"footnotes":""},"categories":[168,560,561,580,1],"tags":[589,651,648,653,565,582,655,609,610,371,654,568,563],"class_list":["post-1790","post","type-post","status-publish","format-standard","hentry","category-barnaktiviteter-2","category-barnkalas-2","category-laromedel-2","category-mysteriefabriken","category-uncategorized","tag-barnbocker","tag-barnbok","tag-barndeckare","tag-barnmysterier","tag-deckargator-for-barn","tag-detektiver","tag-engelska-laromedel","tag-forfattarbesok","tag-forfattare","tag-laromedel","tag-leka-detektiv","tag-mysterier-for-barn","tag-skolan"],"_links":{"self":[{"href":"https:\/\/bloggmysteriefabriken.se\/index.php?rest_route=\/wp\/v2\/posts\/1790","targetHints":{"allow":["GET"]}}],"collection":[{"href":"https:\/\/bloggmysteriefabriken.se\/index.php?rest_route=\/wp\/v2\/posts"}],"about":[{"href":"https:\/\/bloggmysteriefabriken.se\/index.php?rest_route=\/wp\/v2\/types\/post"}],"author":[{"embeddable":true,"href":"https:\/\/bloggmysteriefabriken.se\/index.php?rest_route=\/wp\/v2\/users\/1"}],"replies":[{"embeddable":true,"href":"https:\/\/bloggmysteriefabriken.se\/index.php?rest_route=%2Fwp%2Fv2%2Fcomments&post=1790"}],"version-history":[{"count":3,"href":"https:\/\/bloggmysteriefabriken.se\/index.php?rest_route=\/wp\/v2\/posts\/1790\/revisions"}],"predecessor-version":[{"id":1807,"href":"https:\/\/bloggmysteriefabriken.se\/index.php?rest_route=\/wp\/v2\/posts\/1790\/revisions\/1807"}],"wp:attachment":[{"href":"https:\/\/bloggmysteriefabriken.se\/index.php?rest_route=%2Fwp%2Fv2%2Fmedia&parent=1790"}],"wp:term":[{"taxonomy":"category","embeddable":true,"href":"https:\/\/bloggmysteriefabriken.se\/index.php?rest_route=%2Fwp%2Fv2%2Fcategories&post=1790"},{"taxonomy":"post_tag","embeddable":true,"href":"https:\/\/bloggmysteriefabriken.se\/index.php?rest_route=%2Fwp%2Fv2%2Ftags&post=1790"}],"curies":[{"name":"wp","href":"https:\/\/api.w.org\/{rel}","templated":true}]}}